{"id":2901,"date":"2012-07-04T09:39:14","date_gmt":"2012-07-04T09:39:14","guid":{"rendered":"http:\/\/www.enigmatium.com\/blog\/?p=2901"},"modified":"2017-06-06T13:38:43","modified_gmt":"2017-06-06T11:38:43","slug":"curiosidades-fiestas-de-san-fermin","status":"publish","type":"post","link":"https:\/\/www.enigmatium.com\/blog\/curiosidades-fiestas-de-san-fermin\/","title":{"rendered":"Curiosidades fiestas de San Ferm\u00edn"},"content":{"rendered":"<p>Este fin de semana empiezan las <strong>fiestas de San Ferm\u00edn en Pamplona<\/strong>, concretamente este<strong> s\u00e1bado 07 de julio<\/strong>. Mucho sabemos de estas fiestas y todos los a\u00f1os vemos por televisi\u00f3n encierros, cogidas de toros, gente de fiesta en las calles, cabezudos por las tardes y mucho alcohol entre otras cosas. Desde aqu\u00ed hoy vamos a profundizar algo m\u00e1s en las <strong>curiosidades de las fiestas de San Ferm\u00edn.<\/strong><\/p>\n<p><strong>\u00bfDe d\u00f3nde viene el pa\u00f1uelico que llevan los pamploneses al cuello?<\/strong><\/p>\n<p>El <strong>pa\u00f1uelico rojo<\/strong> anudado al cuello es uno de los <strong>elementos t\u00edpicos de la vestimenta en las fiestas de San Ferm\u00edn<\/strong>. Pero \u00bfde d\u00f3nde viene esta tradici\u00f3n? Hay varias teor\u00edas como por ejemplo que el color rojo simboliza el martirio del santo Ferm\u00edn que fue decapitado en la ciudad de Amiens. De ah\u00ed el color rojo de la sangre. Otros dicen que el rojo sirve para citar mejor al toro, ya que estos van mejor a este color y por eso es utilizado tambi\u00e9n en los capotes de los toreros. Ciertas o no estas teor\u00edas la verdad es que es un distintivo sin el cual las <strong>fiestas de San Ferm\u00edn<\/strong> no tendr\u00edan ese colorido tan caracter\u00edstico.<\/p>\n<p style=\"text-align: center;\"><img loading=\"lazy\" class=\"aligncenter size-medium wp-image-2902\" alt=\"Curiosidades fiestas de San Ferm\u00edn\" src=\"https:\/\/www.enigmatium.com\/blog\/wp-content\/uploads\/2012\/07\/01-chupinazo-san-fermin-300x203.jpg\" width=\"300\" height=\"203\" srcset=\"https:\/\/www.enigmatium.com\/blog\/wp-content\/uploads\/2012\/07\/01-chupinazo-san-fermin-300x203.jpg 300w, https:\/\/www.enigmatium.com\/blog\/wp-content\/uploads\/2012\/07\/01-chupinazo-san-fermin.jpg 356w\" sizes=\"(max-width: 300px) 100vw, 300px\" \/><\/p>\n<p><strong>La fuente, una tradici\u00f3n de los guiris.<\/strong><\/p>\n<p>Estamos seguros que hab\u00e9is visto en alguna ocasi\u00f3n en las noticias o all\u00ed mismo en directo a j\u00f3venes (sobre todo guiris) saltando de una fuente al vacio esperando que la gente de abajo les recoja. Se trata del conocido <strong>\u201cFountain jump\u201d<\/strong> que se ha convertido en todo un cl\u00e1sico de las<strong> fiestas de San Ferm\u00edn<\/strong> y que se realiza en la fuente de la Navarrer\u00eda. Es casi tan arriesgado como ponerse delante de un toro aunque cada d\u00eda son m\u00e1s los que se acercan hasta esta fuente para dar \u201cel salto\u201d.<\/p>\n<p>La verdad es que en estas<strong> fiestas de San Ferm\u00edn<\/strong> existen muchas tradiciones, imposibles de enumerarlas todas. Este a\u00f1o vuelve el Riau Riau, c\u00e1ntico que desapareci\u00f3 hace diez a\u00f1os y adem\u00e1s se evitar\u00e1n las famosas ca\u00eddas en la calle Estafeta o curva de Mercaderes con un producto antideslizante para no correr riesgos.<\/p>\n<p>Las <strong>fiestas de San Ferm\u00edn<\/strong> son para vivirlas. Si todav\u00eda no has estado os recomendamos que vay\u00e1is y viv\u00e1is la magia que tan enganchado tuvo a Hemingway en su \u00e9poca. Si os resulta imposible ir, os haremos una recomendaci\u00f3n. Este s\u00e1bado <a href=\"https:\/\/www.eltemplodelplacer.com\/\">la fiesta de San Ferm\u00edn se traslada a Madrid<\/a>. \u00bfTe la vas a perder teni\u00e9ndola tan cerca?<\/p>\n<p style=\"text-align: center;\"><img loading=\"lazy\" class=\"aligncenter size-medium wp-image-2906\" alt=\"Curiosidades fiestas de San Ferm\u00edn\" src=\"https:\/\/www.enigmatium.com\/blog\/wp-content\/uploads\/2012\/07\/Fiesta-San-Ferm\u00edn-300x223.jpg\" width=\"300\" height=\"223\" srcset=\"https:\/\/www.enigmatium.com\/blog\/wp-content\/uploads\/2012\/07\/Fiesta-San-Ferm\u00edn-300x223.jpg 300w, https:\/\/www.enigmatium.com\/blog\/wp-content\/uploads\/2012\/07\/Fiesta-San-Ferm\u00edn.jpg 591w\" sizes=\"(max-width: 300px) 100vw, 300px\" \/><\/p>\n","protected":false},"excerpt":{"rendered":"<p>Este fin de semana empiezan las fiestas de San Ferm\u00edn en Pamplona, concretamente este s\u00e1bado 07 de julio. Mucho sabemos de estas fiestas y todos los a\u00f1os vemos por televisi\u00f3n encierros, cogidas de toros, gente de fiesta en las calles, cabezudos por las tardes y mucho alcohol entre otras cosas. Desde aqu\u00ed hoy vamos a profundizar algo m\u00e1s en las curiosidades de las fiestas de San Ferm\u00edn. \u00bfDe d\u00f3nde viene el pa\u00f1uelico que llevan los pamploneses al cuello? El pa\u00f1uelico&hellip;<\/p>\n","protected":false},"author":2,"featured_media":0,"comment_status":"open","ping_status":"open","sticky":false,"template":"","format":"standard","meta":[],"categories":[29],"tags":[],"_links":{"self":[{"href":"https:\/\/www.enigmatium.com\/blog\/wp-json\/wp\/v2\/posts\/2901"}],"collection":[{"href":"https:\/\/www.enigmatium.com\/blog\/wp-json\/wp\/v2\/posts"}],"about":[{"href":"https:\/\/www.enigmatium.com\/blog\/wp-json\/wp\/v2\/types\/post"}],"author":[{"embeddable":true,"href":"https:\/\/www.enigmatium.com\/blog\/wp-json\/wp\/v2\/users\/2"}],"replies":[{"embeddable":true,"href":"https:\/\/www.enigmatium.com\/blog\/wp-json\/wp\/v2\/comments?post=2901"}],"version-history":[{"count":5,"href":"https:\/\/www.enigmatium.com\/blog\/wp-json\/wp\/v2\/posts\/2901\/revisions"}],"predecessor-version":[{"id":4435,"href":"https:\/\/www.enigmatium.com\/blog\/wp-json\/wp\/v2\/posts\/2901\/revisions\/4435"}],"wp:attachment":[{"href":"https:\/\/www.enigmatium.com\/blog\/wp-json\/wp\/v2\/media?parent=2901"}],"wp:term":[{"taxonomy":"category","embeddable":true,"href":"https:\/\/www.enigmatium.com\/blog\/wp-json\/wp\/v2\/categories?post=2901"},{"taxonomy":"post_tag","embeddable":true,"href":"https:\/\/www.enigmatium.com\/blog\/wp-json\/wp\/v2\/tags?post=2901"}],"curies":[{"name":"wp","href":"https:\/\/api.w.org\/{rel}","templated":true}]}}